{"id":23742,"date":"2026-04-22T09:51:04","date_gmt":"2026-04-22T13:51:04","guid":{"rendered":"https:\/\/www.able2.org\/?p=23742"},"modified":"2026-04-22T09:51:04","modified_gmt":"2026-04-22T13:51:04","slug":"comment-le-benevolat-inclusif-renforce-les-communautes","status":"publish","type":"post","link":"https:\/\/www.able2.org\/fr\/comment-le-benevolat-inclusif-renforce-les-communautes\/","title":{"rendered":"Comment le b\u00e9n\u00e9volat inclusif renforce les communaut\u00e9s"},"content":{"rendered":"\n<p>La Semaine nationale du b\u00e9n\u00e9volat est l\u2019occasion de c\u00e9l\u00e9brer et de mettre en <em>lumi\u00e8re<\/em> le r\u00f4le essentiel des b\u00e9n\u00e9voles au sein de nos communaut\u00e9s. Comme le rappelle le <strong><a href=\"https:\/\/benevoles.ca\/la-semaine-de-laction-benevole\/\" target=\"_blank\" rel=\"noreferrer noopener\">th\u00e8me de B\u00e9n\u00e9voles Canada<\/a><\/strong> cette ann\u00e9e, <em>mobiliser les b\u00e9n\u00e9voles<\/em>, c\u2019est bien plus que leur t\u00e9moigner de la reconnaissance\u00a0: c\u2019est leur donner du sens, renforcer leurs liens et amplifier leur impact. Leur contribution va bien au-del\u00e0 du simple fait de combler les lacunes des petites organisations comme la n\u00f4tre. Les b\u00e9n\u00e9voles apportent des comp\u00e9tences sp\u00e9cialis\u00e9es, un engagement profond et un lien authentique avec la communaut\u00e9, offrant souvent un soutien que le personnel r\u00e9mun\u00e9r\u00e9 ne peut \u00e0 lui seul fournir. Ce sont des <strong>personnes d\u00e9vou\u00e9es qui investissent leurs ressources les plus pr\u00e9cieuses \u2013 leur temps, leurs comp\u00e9tences et leur \u00e9nergie \u2013 dans des causes qui leur tiennent \u00e0 c\u0153ur.<\/strong><\/p>\n\n\n\n<p>Mais lorsque nous c\u00e9l\u00e9brons nos b\u00e9n\u00e9voles, la simple reconnaissance ne suffit pas. Les remerciements et les \u00e9v\u00e9nements de reconnaissance sont certes bien intentionn\u00e9s, mais les b\u00e9n\u00e9voles m\u00e9ritent d&rsquo;\u00eatre consid\u00e9r\u00e9s comme des partenaires strat\u00e9giques dans la mission de l&rsquo;organisation. Ils m\u00e9ritent des <strong>exp\u00e9riences de b\u00e9n\u00e9volat enrichissantes, accessibles et bien con\u00e7ues<\/strong>, qui refl\u00e8tent la valeur de leur contribution aux personnes et aux communaut\u00e9s que nous servons, et d&rsquo;\u00eatre trait\u00e9s avec le m\u00eame respect que les employ\u00e9s r\u00e9mun\u00e9r\u00e9s.<\/p>\n\n\n\n<p>Chez ABLE2, plus de 500 b\u00e9n\u00e9voles donnent jusqu&rsquo;\u00e0 16\u00a0000 heures de leur temps chaque ann\u00e9e. Ils offrent des services et des ressources juridiques essentiels par l&rsquo;entremise du service d&rsquo;orientation juridique Reach. Ils tissent de v\u00e9ritables liens d&rsquo;amiti\u00e9 en tant qu&rsquo;alli\u00e9s dans le cadre de notre programme de jumelage. Ils contribuent \u00e0 rassembler la communaut\u00e9 gr\u00e2ce \u00e0 des \u00e9v\u00e9nements comme la Soir\u00e9e dans les Maritimes, le pique-nique annuel et le d\u00eener-dansant des F\u00eates. Leur contribution est essentielle \u00e0 la r\u00e9alisation de notre vision\u00a0: une communaut\u00e9 inclusive o\u00f9 chaque personne, quelles que soient ses capacit\u00e9s, est reconnue comme comp\u00e9tente, importante et pr\u00e9cieuse.<\/p>\n\n\n\n<p>Au fil du temps, nous avons compris ce qui pousse les gens \u00e0 passer d&rsquo;une simple contribution ponctuelle \u00e0 un engagement profond en faveur de l&rsquo;inclusion, en en devenant de v\u00e9ritables ambassadeurs et champions. La diff\u00e9rence ne r\u00e9side pas dans la gratitude, mais dans l&rsquo;intention.<\/p>\n\n\n\n<p><strong>Un b\u00e9n\u00e9volat enrichissant repose sur l&rsquo;\u00e9panouissement et la vocation.<\/strong> Au lieu de demander \u00ab\u00a0comment pouvez-vous nous aider\u00a0?\u00a0\u00bb, il est essentiel de se demander \u00ab\u00a0comment cr\u00e9er un environnement propice \u00e0 l&rsquo;\u00e9panouissement de vos comp\u00e9tences, de vos talents et de votre exp\u00e9rience\u00a0?\u00a0\u00bb Nos b\u00e9n\u00e9voles les plus engag\u00e9s sont ceux qui ont l&rsquo;opportunit\u00e9 d&rsquo;apprendre, de prendre des responsabilit\u00e9s et de tisser des liens. Ils aspirent \u00e0 bien plus que de simples heures de b\u00e9n\u00e9volat\u00a0; ils recherchent un sentiment d&rsquo;appartenance. Dans ce cas, les organisations b\u00e9n\u00e9ficient d&rsquo;un engagement plus profond, d&rsquo;un impact accru et de liens communautaires renforc\u00e9s.<\/p>\n\n\n\n<p>Avant tout, <strong>il est essentiel que les exp\u00e9riences de b\u00e9n\u00e9volat enrichissantes soient accessibles d\u00e8s le d\u00e9part.<\/strong> Les b\u00e9n\u00e9voles ont des comp\u00e9tences, des horaires, des styles de communication, des identit\u00e9s et des besoins diff\u00e9rents. Un b\u00e9n\u00e9volat inclusif implique d&rsquo;int\u00e9grer la flexibilit\u00e9 aux r\u00f4les, et non de consid\u00e9rer l&rsquo;accessibilit\u00e9 comme un simple ajout. C&rsquo;est un domaine o\u00f9 de nombreuses organisations, y compris la n\u00f4tre parfois, doivent continuer \u00e0 progresser.<\/p>\n\n\n\n<p>Parmi les b\u00e9n\u00e9voles les plus influents de notre communaut\u00e9, on compte des personnes en situation de handicap. Leur perspicacit\u00e9, leur empathie et leur compr\u00e9hension sont des qualit\u00e9s inn\u00e9es. Pourtant, des attentes rigides, des proc\u00e9dures inaccessibles et des pr\u00e9jug\u00e9s infond\u00e9s les excluent trop souvent. Les personnes en situation de handicap ne sont pas seulement b\u00e9n\u00e9ficiaires de services\u00a0; elles y contribuent activement, exercent un leadership et sont des acteurs du changement.<\/p>\n\n\n\n<p>Les organisations qui investissent judicieusement dans l&rsquo;engagement b\u00e9n\u00e9vole, en misant sur l&rsquo;accessibilit\u00e9, la formation, des r\u00f4les valorisants et une reconnaissance sinc\u00e8re, en retirent bien plus que la simple r\u00e9alisation des t\u00e2ches. Elles b\u00e9n\u00e9ficient de perspectives diverses qui renforcent leur mission, d&rsquo;ambassadeurs qui militent aupr\u00e8s de la communaut\u00e9, d&rsquo;une confiance et d&rsquo;une cr\u00e9dibilit\u00e9 accrues, et de r\u00e9seaux de b\u00e9n\u00e9voles solides.<\/p>\n\n\n\n<p>Ce type d&rsquo;engagement exige des ressources. La coordination des b\u00e9n\u00e9voles prend du temps. Une d\u00e9finition r\u00e9fl\u00e9chie des r\u00f4les n\u00e9cessite une planification. L&rsquo;accessibilit\u00e9 requiert une planification. La reconnaissance doit \u00eatre continue et sinc\u00e8re. Mais le retour sur investissement est ind\u00e9niable.<\/p>\n\n\n\n<p>Le b\u00e9n\u00e9volat ne devrait jamais consister \u00e0 exploiter son temps ou sa force de travail. Il devrait viser \u00e0 cr\u00e9er du lien social, \u00e0 b\u00e2tir des espaces o\u00f9 chacun peut mettre ses comp\u00e9tences \u00e0 profit, se sentir connect\u00e9 \u00e0 quelque chose de plus grand et avoir la certitude que ses efforts comptent.<\/p>\n\n\n\n<p>ABLE2 a d\u00e9lib\u00e9r\u00e9ment investi dans son programme de b\u00e9n\u00e9volat car nous sommes convaincus que nos b\u00e9n\u00e9voles ne sont pas de simples ex\u00e9cutants, mais de v\u00e9ritables partenaires strat\u00e9giques au c\u0153ur de notre mission. Leur temps change des vies et leur engagement contribue \u00e0 b\u00e2tir des communaut\u00e9s plus fortes et plus inclusives.<\/p>\n\n\n\n<p>L\u2019inclusion doit \u00eatre int\u00e9gr\u00e9e \u00e0 la conception et \u00e0 la mise en \u0153uvre des activit\u00e9s de b\u00e9n\u00e9volat. Cela signifie\u00a0:<\/p>\n\n\n\n<ul>\n<li><strong>Concevoir des r\u00f4les flexibles<\/strong> qui s&rsquo;adaptent aux besoins et aux r\u00e9alit\u00e9s de chacun, plut\u00f4t que d&rsquo;exiger d&rsquo;eux qu&rsquo;ils correspondent \u00e0 un mod\u00e8le pr\u00e9\u00e9tabli.<\/li>\n\n\n\n<li><strong>D\u00e9finir des attentes claires et un travail significatif<\/strong> qui relie les contributions individuelles \u00e0 un impact r\u00e9el<\/li>\n\n\n\n<li><strong>Reconna\u00eetre les contributions de mani\u00e8re authentique et personnelle<\/strong>, et non transactionnelle ou performative.<\/li>\n\n\n\n<li><strong>Cr\u00e9er des parcours permettant aux b\u00e9n\u00e9voles de se d\u00e9velopper, de diriger et de fa\u00e7onner le travail lui-m\u00eame<\/strong>, et pas seulement de le soutenir.<\/li>\n<\/ul>\n\n\n\n<p>Car lorsque les dirigeants con\u00e7oivent intentionnellement des exp\u00e9riences de b\u00e9n\u00e9volat empreintes d&rsquo;attention et d&rsquo;inclusion, les b\u00e9n\u00e9voles ne se contentent pas de combler des lacunes, mais approfondissent l&rsquo;impact, renforcent la culture et contribuent \u00e0 la prosp\u00e9rit\u00e9 des organisations.<\/p>\n\n\n\n<p><strong>En cette Semaine nationale du b\u00e9n\u00e9volat, mobilisons-nous pleinement pour encourager les b\u00e9n\u00e9voles.<\/strong> Non seulement par des paroles, mais aussi par des choix conscients en tant que responsables\u00a0: la mani\u00e8re dont nous d\u00e9finissons les r\u00f4les, levons les obstacles, reconnaissons les contributions et cr\u00e9ons un environnement o\u00f9 chacun peut s\u2019\u00e9panouir et prendre des initiatives. Lorsque les exp\u00e9riences de b\u00e9n\u00e9volat sont accessibles, enrichissantes et inclusives, chacun a la possibilit\u00e9 de donner et de progresser.<\/p>\n\n\n\n<p>J\u2019aimerais beaucoup apprendre de cette communaut\u00e9\u00a0: \u00e0 quoi ressemble un engagement b\u00e9n\u00e9vole vraiment significatif au sein de votre organisation, et quel est l\u2019obstacle que vous vous efforcez encore de lever\u00a0?<\/p>\n\n\n\n<div style=\"height:35px\" aria-hidden=\"true\" class=\"wp-block-spacer\"><\/div>\n\n\n\n<h3 class=\"wp-block-heading\">Publi\u00e9 par<\/h3>\n\n\n\n<p><a href=\"https:\/\/www.linkedin.com\/in\/heather-lacey-0824b640\/\">Heather Lacey<\/a><\/p>\n\n\n\n<p>Directeur ex\u00e9cutif exp\u00e9riment\u00e9 \u00e0 but non lucratif<\/p>\n\n\n\n<p><a href=\"https:\/\/www.linkedin.com\/in\/heather-lacey-0824b640\/recent-activity\/posts\/\">Lisez les autres articles de Heather ici<\/a><\/p>\n","protected":false},"excerpt":{"rendered":"<p>La Semaine nationale du b\u00e9n\u00e9volat est l\u2019occasion de c\u00e9l\u00e9brer et de mettre en lumi\u00e8re le r\u00f4le essentiel des b\u00e9n\u00e9voles au sein de nos communaut\u00e9s. Comme le rappelle le th\u00e8me de B\u00e9n\u00e9voles Canada cette ann\u00e9e, mobiliser les b\u00e9n\u00e9voles, c\u2019est bien plus que leur t\u00e9moigner de la reconnaissance\u00a0: c\u2019est leur donner du sens, renforcer leurs liens et [&hellip;]<\/p>\n","protected":false},"author":1,"featured_media":23739,"comment_status":"closed","ping_status":"closed","sticky":false,"template":"","format":"standard","meta":{"_acf_changed":false,"footnotes":""},"categories":[20],"tags":[],"acf":[],"yoast_head":"<!-- This site is optimized with the Yoast SEO plugin v22.8 - https:\/\/yoast.com\/wordpress\/plugins\/seo\/ -->\n<title>Comment le b\u00e9n\u00e9volat inclusif renforce les communaut\u00e9s | ABLE2<\/title>\n<meta name=\"robots\" content=\"index, follow, max-snippet:-1, max-image-preview:large, max-video-preview:-1\" \/>\n<link rel=\"canonical\" href=\"https:\/\/www.able2.org\/fr\/comment-le-benevolat-inclusif-renforce-les-communautes\/\" \/>\n<meta property=\"og:locale\" content=\"fr_FR\" \/>\n<meta property=\"og:type\" content=\"article\" \/>\n<meta property=\"og:title\" content=\"Comment le b\u00e9n\u00e9volat inclusif renforce les communaut\u00e9s | ABLE2\" \/>\n<meta property=\"og:description\" content=\"La Semaine nationale du b\u00e9n\u00e9volat est l\u2019occasion de c\u00e9l\u00e9brer et de mettre en lumi\u00e8re le r\u00f4le essentiel des b\u00e9n\u00e9voles au sein de nos communaut\u00e9s. Comme le rappelle le th\u00e8me de B\u00e9n\u00e9voles Canada cette ann\u00e9e, mobiliser les b\u00e9n\u00e9voles, c\u2019est bien plus que leur t\u00e9moigner de la reconnaissance\u00a0: c\u2019est leur donner du sens, renforcer leurs liens et [&hellip;]\" \/>\n<meta property=\"og:url\" content=\"https:\/\/www.able2.org\/fr\/comment-le-benevolat-inclusif-renforce-les-communautes\/\" \/>\n<meta property=\"og:site_name\" content=\"ABLE2\" \/>\n<meta property=\"article:published_time\" content=\"2026-04-22T13:51:04+00:00\" \/>\n<meta property=\"og:image\" content=\"https:\/\/www.able2.org\/wp-content\/uploads\/2026\/04\/2604-ED-Blog-Header-Image-Volunteer-Week-Cropped.png\" \/>\n\t<meta property=\"og:image:width\" content=\"940\" \/>\n\t<meta property=\"og:image:height\" content=\"529\" \/>\n\t<meta property=\"og:image:type\" content=\"image\/png\" \/>\n<meta name=\"author\" content=\"admin_bmedia@able2\" \/>\n<meta name=\"twitter:card\" content=\"summary_large_image\" \/>\n<meta name=\"twitter:label1\" content=\"\u00c9crit par\" \/>\n\t<meta name=\"twitter:data1\" content=\"admin_bmedia@able2\" \/>\n\t<meta name=\"twitter:label2\" content=\"Dur\u00e9e de lecture estim\u00e9e\" \/>\n\t<meta name=\"twitter:data2\" content=\"5 minutes\" \/>\n<script type=\"application\/ld+json\" class=\"yoast-schema-graph\">{\"@context\":\"https:\/\/schema.org\",\"@graph\":[{\"@type\":\"Article\",\"@id\":\"https:\/\/www.able2.org\/fr\/comment-le-benevolat-inclusif-renforce-les-communautes\/#article\",\"isPartOf\":{\"@id\":\"https:\/\/www.able2.org\/fr\/comment-le-benevolat-inclusif-renforce-les-communautes\/\"},\"author\":{\"name\":\"admin_bmedia@able2\",\"@id\":\"https:\/\/www.able2.org\/#\/schema\/person\/adfcebfd8c6eb5f4b64ba1a9d31d8572\"},\"headline\":\"Comment le b\u00e9n\u00e9volat inclusif renforce les communaut\u00e9s\",\"datePublished\":\"2026-04-22T13:51:04+00:00\",\"dateModified\":\"2026-04-22T13:51:04+00:00\",\"mainEntityOfPage\":{\"@id\":\"https:\/\/www.able2.org\/fr\/comment-le-benevolat-inclusif-renforce-les-communautes\/\"},\"wordCount\":1255,\"publisher\":{\"@id\":\"https:\/\/www.able2.org\/#organization\"},\"image\":{\"@id\":\"https:\/\/www.able2.org\/fr\/comment-le-benevolat-inclusif-renforce-les-communautes\/#primaryimage\"},\"thumbnailUrl\":\"https:\/\/www.able2.org\/wp-content\/uploads\/2026\/04\/2604-ED-Blog-Header-Image-Volunteer-Week-Cropped.png\",\"articleSection\":[\"Blog Post FR\"],\"inLanguage\":\"fr-FR\"},{\"@type\":\"WebPage\",\"@id\":\"https:\/\/www.able2.org\/fr\/comment-le-benevolat-inclusif-renforce-les-communautes\/\",\"url\":\"https:\/\/www.able2.org\/fr\/comment-le-benevolat-inclusif-renforce-les-communautes\/\",\"name\":\"Comment le b\u00e9n\u00e9volat inclusif renforce les communaut\u00e9s | ABLE2\",\"isPartOf\":{\"@id\":\"https:\/\/www.able2.org\/#website\"},\"primaryImageOfPage\":{\"@id\":\"https:\/\/www.able2.org\/fr\/comment-le-benevolat-inclusif-renforce-les-communautes\/#primaryimage\"},\"image\":{\"@id\":\"https:\/\/www.able2.org\/fr\/comment-le-benevolat-inclusif-renforce-les-communautes\/#primaryimage\"},\"thumbnailUrl\":\"https:\/\/www.able2.org\/wp-content\/uploads\/2026\/04\/2604-ED-Blog-Header-Image-Volunteer-Week-Cropped.png\",\"datePublished\":\"2026-04-22T13:51:04+00:00\",\"dateModified\":\"2026-04-22T13:51:04+00:00\",\"breadcrumb\":{\"@id\":\"https:\/\/www.able2.org\/fr\/comment-le-benevolat-inclusif-renforce-les-communautes\/#breadcrumb\"},\"inLanguage\":\"fr-FR\",\"potentialAction\":[{\"@type\":\"ReadAction\",\"target\":[\"https:\/\/www.able2.org\/fr\/comment-le-benevolat-inclusif-renforce-les-communautes\/\"]}]},{\"@type\":\"ImageObject\",\"inLanguage\":\"fr-FR\",\"@id\":\"https:\/\/www.able2.org\/fr\/comment-le-benevolat-inclusif-renforce-les-communautes\/#primaryimage\",\"url\":\"https:\/\/www.able2.org\/wp-content\/uploads\/2026\/04\/2604-ED-Blog-Header-Image-Volunteer-Week-Cropped.png\",\"contentUrl\":\"https:\/\/www.able2.org\/wp-content\/uploads\/2026\/04\/2604-ED-Blog-Header-Image-Volunteer-Week-Cropped.png\",\"width\":940,\"height\":529},{\"@type\":\"BreadcrumbList\",\"@id\":\"https:\/\/www.able2.org\/fr\/comment-le-benevolat-inclusif-renforce-les-communautes\/#breadcrumb\",\"itemListElement\":[{\"@type\":\"ListItem\",\"position\":1,\"name\":\"Home\",\"item\":\"https:\/\/www.able2.org\/fr\/accueil\/\"},{\"@type\":\"ListItem\",\"position\":2,\"name\":\"Comment le b\u00e9n\u00e9volat inclusif renforce les communaut\u00e9s\"}]},{\"@type\":\"WebSite\",\"@id\":\"https:\/\/www.able2.org\/#website\",\"url\":\"https:\/\/www.able2.org\/\",\"name\":\"ABLE2\",\"description\":\"\",\"publisher\":{\"@id\":\"https:\/\/www.able2.org\/#organization\"},\"potentialAction\":[{\"@type\":\"SearchAction\",\"target\":{\"@type\":\"EntryPoint\",\"urlTemplate\":\"https:\/\/www.able2.org\/?s={search_term_string}\"},\"query-input\":\"required name=search_term_string\"}],\"inLanguage\":\"fr-FR\"},{\"@type\":\"Organization\",\"@id\":\"https:\/\/www.able2.org\/#organization\",\"name\":\"ABLE2\",\"url\":\"https:\/\/www.able2.org\/\",\"logo\":{\"@type\":\"ImageObject\",\"inLanguage\":\"fr-FR\",\"@id\":\"https:\/\/www.able2.org\/#\/schema\/logo\/image\/\",\"url\":\"https:\/\/www.able2.org\/wp-content\/uploads\/2020\/05\/logo.png\",\"contentUrl\":\"https:\/\/www.able2.org\/wp-content\/uploads\/2020\/05\/logo.png\",\"width\":528,\"height\":137,\"caption\":\"ABLE2\"},\"image\":{\"@id\":\"https:\/\/www.able2.org\/#\/schema\/logo\/image\/\"}},{\"@type\":\"Person\",\"@id\":\"https:\/\/www.able2.org\/#\/schema\/person\/adfcebfd8c6eb5f4b64ba1a9d31d8572\",\"name\":\"admin_bmedia@able2\",\"image\":{\"@type\":\"ImageObject\",\"inLanguage\":\"fr-FR\",\"@id\":\"https:\/\/www.able2.org\/#\/schema\/person\/image\/\",\"url\":\"https:\/\/secure.gravatar.com\/avatar\/0cf2fe653cf110eb39980c553fdbc712?s=96&d=mm&r=g\",\"contentUrl\":\"https:\/\/secure.gravatar.com\/avatar\/0cf2fe653cf110eb39980c553fdbc712?s=96&d=mm&r=g\",\"caption\":\"admin_bmedia@able2\"},\"sameAs\":[\"https:\/\/www.able2.org\"],\"url\":\"https:\/\/www.able2.org\/fr\/author\/admin_bmediaable2\/\"}]}<\/script>\n<!-- \/ Yoast SEO plugin. -->","yoast_head_json":{"title":"Comment le b\u00e9n\u00e9volat inclusif renforce les communaut\u00e9s | ABLE2","robots":{"index":"index","follow":"follow","max-snippet":"max-snippet:-1","max-image-preview":"max-image-preview:large","max-video-preview":"max-video-preview:-1"},"canonical":"https:\/\/www.able2.org\/fr\/comment-le-benevolat-inclusif-renforce-les-communautes\/","og_locale":"fr_FR","og_type":"article","og_title":"Comment le b\u00e9n\u00e9volat inclusif renforce les communaut\u00e9s | ABLE2","og_description":"La Semaine nationale du b\u00e9n\u00e9volat est l\u2019occasion de c\u00e9l\u00e9brer et de mettre en lumi\u00e8re le r\u00f4le essentiel des b\u00e9n\u00e9voles au sein de nos communaut\u00e9s. Comme le rappelle le th\u00e8me de B\u00e9n\u00e9voles Canada cette ann\u00e9e, mobiliser les b\u00e9n\u00e9voles, c\u2019est bien plus que leur t\u00e9moigner de la reconnaissance\u00a0: c\u2019est leur donner du sens, renforcer leurs liens et [&hellip;]","og_url":"https:\/\/www.able2.org\/fr\/comment-le-benevolat-inclusif-renforce-les-communautes\/","og_site_name":"ABLE2","article_published_time":"2026-04-22T13:51:04+00:00","og_image":[{"width":940,"height":529,"url":"https:\/\/www.able2.org\/wp-content\/uploads\/2026\/04\/2604-ED-Blog-Header-Image-Volunteer-Week-Cropped.png","type":"image\/png"}],"author":"admin_bmedia@able2","twitter_card":"summary_large_image","twitter_misc":{"\u00c9crit par":"admin_bmedia@able2","Dur\u00e9e de lecture estim\u00e9e":"5 minutes"},"schema":{"@context":"https:\/\/schema.org","@graph":[{"@type":"Article","@id":"https:\/\/www.able2.org\/fr\/comment-le-benevolat-inclusif-renforce-les-communautes\/#article","isPartOf":{"@id":"https:\/\/www.able2.org\/fr\/comment-le-benevolat-inclusif-renforce-les-communautes\/"},"author":{"name":"admin_bmedia@able2","@id":"https:\/\/www.able2.org\/#\/schema\/person\/adfcebfd8c6eb5f4b64ba1a9d31d8572"},"headline":"Comment le b\u00e9n\u00e9volat inclusif renforce les communaut\u00e9s","datePublished":"2026-04-22T13:51:04+00:00","dateModified":"2026-04-22T13:51:04+00:00","mainEntityOfPage":{"@id":"https:\/\/www.able2.org\/fr\/comment-le-benevolat-inclusif-renforce-les-communautes\/"},"wordCount":1255,"publisher":{"@id":"https:\/\/www.able2.org\/#organization"},"image":{"@id":"https:\/\/www.able2.org\/fr\/comment-le-benevolat-inclusif-renforce-les-communautes\/#primaryimage"},"thumbnailUrl":"https:\/\/www.able2.org\/wp-content\/uploads\/2026\/04\/2604-ED-Blog-Header-Image-Volunteer-Week-Cropped.png","articleSection":["Blog Post FR"],"inLanguage":"fr-FR"},{"@type":"WebPage","@id":"https:\/\/www.able2.org\/fr\/comment-le-benevolat-inclusif-renforce-les-communautes\/","url":"https:\/\/www.able2.org\/fr\/comment-le-benevolat-inclusif-renforce-les-communautes\/","name":"Comment le b\u00e9n\u00e9volat inclusif renforce les communaut\u00e9s | ABLE2","isPartOf":{"@id":"https:\/\/www.able2.org\/#website"},"primaryImageOfPage":{"@id":"https:\/\/www.able2.org\/fr\/comment-le-benevolat-inclusif-renforce-les-communautes\/#primaryimage"},"image":{"@id":"https:\/\/www.able2.org\/fr\/comment-le-benevolat-inclusif-renforce-les-communautes\/#primaryimage"},"thumbnailUrl":"https:\/\/www.able2.org\/wp-content\/uploads\/2026\/04\/2604-ED-Blog-Header-Image-Volunteer-Week-Cropped.png","datePublished":"2026-04-22T13:51:04+00:00","dateModified":"2026-04-22T13:51:04+00:00","breadcrumb":{"@id":"https:\/\/www.able2.org\/fr\/comment-le-benevolat-inclusif-renforce-les-communautes\/#breadcrumb"},"inLanguage":"fr-FR","potentialAction":[{"@type":"ReadAction","target":["https:\/\/www.able2.org\/fr\/comment-le-benevolat-inclusif-renforce-les-communautes\/"]}]},{"@type":"ImageObject","inLanguage":"fr-FR","@id":"https:\/\/www.able2.org\/fr\/comment-le-benevolat-inclusif-renforce-les-communautes\/#primaryimage","url":"https:\/\/www.able2.org\/wp-content\/uploads\/2026\/04\/2604-ED-Blog-Header-Image-Volunteer-Week-Cropped.png","contentUrl":"https:\/\/www.able2.org\/wp-content\/uploads\/2026\/04\/2604-ED-Blog-Header-Image-Volunteer-Week-Cropped.png","width":940,"height":529},{"@type":"BreadcrumbList","@id":"https:\/\/www.able2.org\/fr\/comment-le-benevolat-inclusif-renforce-les-communautes\/#breadcrumb","itemListElement":[{"@type":"ListItem","position":1,"name":"Home","item":"https:\/\/www.able2.org\/fr\/accueil\/"},{"@type":"ListItem","position":2,"name":"Comment le b\u00e9n\u00e9volat inclusif renforce les communaut\u00e9s"}]},{"@type":"WebSite","@id":"https:\/\/www.able2.org\/#website","url":"https:\/\/www.able2.org\/","name":"ABLE2","description":"","publisher":{"@id":"https:\/\/www.able2.org\/#organization"},"potentialAction":[{"@type":"SearchAction","target":{"@type":"EntryPoint","urlTemplate":"https:\/\/www.able2.org\/?s={search_term_string}"},"query-input":"required name=search_term_string"}],"inLanguage":"fr-FR"},{"@type":"Organization","@id":"https:\/\/www.able2.org\/#organization","name":"ABLE2","url":"https:\/\/www.able2.org\/","logo":{"@type":"ImageObject","inLanguage":"fr-FR","@id":"https:\/\/www.able2.org\/#\/schema\/logo\/image\/","url":"https:\/\/www.able2.org\/wp-content\/uploads\/2020\/05\/logo.png","contentUrl":"https:\/\/www.able2.org\/wp-content\/uploads\/2020\/05\/logo.png","width":528,"height":137,"caption":"ABLE2"},"image":{"@id":"https:\/\/www.able2.org\/#\/schema\/logo\/image\/"}},{"@type":"Person","@id":"https:\/\/www.able2.org\/#\/schema\/person\/adfcebfd8c6eb5f4b64ba1a9d31d8572","name":"admin_bmedia@able2","image":{"@type":"ImageObject","inLanguage":"fr-FR","@id":"https:\/\/www.able2.org\/#\/schema\/person\/image\/","url":"https:\/\/secure.gravatar.com\/avatar\/0cf2fe653cf110eb39980c553fdbc712?s=96&d=mm&r=g","contentUrl":"https:\/\/secure.gravatar.com\/avatar\/0cf2fe653cf110eb39980c553fdbc712?s=96&d=mm&r=g","caption":"admin_bmedia@able2"},"sameAs":["https:\/\/www.able2.org"],"url":"https:\/\/www.able2.org\/fr\/author\/admin_bmediaable2\/"}]}},"_links":{"self":[{"href":"https:\/\/www.able2.org\/fr\/wp-json\/wp\/v2\/posts\/23742"}],"collection":[{"href":"https:\/\/www.able2.org\/fr\/wp-json\/wp\/v2\/posts"}],"about":[{"href":"https:\/\/www.able2.org\/fr\/wp-json\/wp\/v2\/types\/post"}],"author":[{"embeddable":true,"href":"https:\/\/www.able2.org\/fr\/wp-json\/wp\/v2\/users\/1"}],"replies":[{"embeddable":true,"href":"https:\/\/www.able2.org\/fr\/wp-json\/wp\/v2\/comments?post=23742"}],"version-history":[{"count":2,"href":"https:\/\/www.able2.org\/fr\/wp-json\/wp\/v2\/posts\/23742\/revisions"}],"predecessor-version":[{"id":23744,"href":"https:\/\/www.able2.org\/fr\/wp-json\/wp\/v2\/posts\/23742\/revisions\/23744"}],"wp:featuredmedia":[{"embeddable":true,"href":"https:\/\/www.able2.org\/fr\/wp-json\/wp\/v2\/media\/23739"}],"wp:attachment":[{"href":"https:\/\/www.able2.org\/fr\/wp-json\/wp\/v2\/media?parent=23742"}],"wp:term":[{"taxonomy":"category","embeddable":true,"href":"https:\/\/www.able2.org\/fr\/wp-json\/wp\/v2\/categories?post=23742"},{"taxonomy":"post_tag","embeddable":true,"href":"https:\/\/www.able2.org\/fr\/wp-json\/wp\/v2\/tags?post=23742"}],"curies":[{"name":"wp","href":"https:\/\/api.w.org\/{rel}","templated":true}]}}