{"id":23623,"date":"2026-03-31T09:58:06","date_gmt":"2026-03-31T13:58:06","guid":{"rendered":"https:\/\/www.able2.org\/?p=23623"},"modified":"2026-03-31T09:58:08","modified_gmt":"2026-03-31T13:58:08","slug":"hommage-a-kathleen-assistante-de-direction-chez-able2","status":"publish","type":"post","link":"https:\/\/www.able2.org\/fr\/hommage-a-kathleen-assistante-de-direction-chez-able2\/","title":{"rendered":"Hommage \u00e0 Kathleen, assistante de direction chez ABLE2"},"content":{"rendered":"\n<p>Apr\u00e8s six ann\u00e9es pass\u00e9es \u00e0 \u00eatre le pilier des op\u00e9rations d&rsquo;ABLE2, l&rsquo;assistante de direction Kathleen prend sa retraite, laissant derri\u00e8re elle un h\u00e9ritage aussi important et comp\u00e9tent qu&rsquo;elle.<\/p>\n\n\n\n<p>Avant de rejoindre ABLE2, Kathleen a men\u00e9 une brillante carri\u00e8re dans l&rsquo;informatique d&rsquo;entreprise, occupant successivement des postes de programmeuse et de chef de projet dans le secteur des hautes technologies. Cependant, la pression, la r\u00e9sistance au changement et le rythme effr\u00e9n\u00e9 avaient fini par l&rsquo;\u00e9puiser. Elle aspirait \u00e0 un travail plus enrichissant. Apr\u00e8s avoir consult\u00e9 un conseiller d&rsquo;orientation, l&rsquo;opportunit\u00e9 de rejoindre ABLE2 s&rsquo;est pr\u00e9sent\u00e9e. Une petite \u00e9quipe anim\u00e9e d&rsquo;une mission ambitieuse et la possibilit\u00e9 d&rsquo;avoir un impact concret\u00a0: \u00ab\u00a0C&rsquo;\u00e9tait exactement ce que je recherchais\u00a0\u00bb, confie-t-elle.<\/p>\n\n\n\n<p>Elle a rejoint ABLE2 en janvier 2020, accueillie par une \u00e9quipe chaleureuse et passionn\u00e9e, un univers \u00e0 mille lieues de tout ce qu&rsquo;elle avait connu dans le monde de l&rsquo;entreprise. Puis, quelques semaines plus tard, une pand\u00e9mie mondiale a \u00e9clat\u00e9. Au lieu de laisser le chaos freiner l&rsquo;\u00e9lan, Kathleen s&rsquo;est investie pleinement. Elle a aid\u00e9 les collaborateurs \u00e0 ma\u00eetriser les outils du t\u00e9l\u00e9travail, les a soutenus face \u00e0 l&rsquo;incertitude et a veill\u00e9 \u00e0 ce que le rythme de travail se poursuive malgr\u00e9 un monde apparemment impr\u00e9visible. \u00ab\u00a0Aider les gens \u00e0 continuer \u00e0 travailler et maintenir le lien entre nous tous a \u00e9t\u00e9 le point de d\u00e9part de mon engagement aupr\u00e8s des \u00e9quipes.\u00a0\u00bb La transition a \u00e9t\u00e9 difficile, mais Kathleen a donn\u00e9 le ton pour la suite.<\/p>\n\n\n\n<p>Au cours des six ann\u00e9es suivantes, le talent de Kathleen pour la r\u00e9solution pratique des probl\u00e8mes est devenu indispensable. Elle a entrepris des projets d&rsquo;envergure, notamment la num\u00e9risation d&rsquo;un syst\u00e8me RH enti\u00e8rement papier, la conduite de trois grands travaux de r\u00e9novation de bureaux et la supervision du r\u00e9cent d\u00e9m\u00e9nagement d&rsquo;ABLE2, qui occupait ses locaux depuis 30 ans. Ces r\u00e9alisations, loin d&rsquo;\u00eatre anodines, ont permis \u00e0 chacune d&rsquo;entre elles de rendre l&rsquo;organisation plus efficace, plus adaptable \u00e0 la modernisation et plus r\u00e9siliente.<\/p>\n\n\n\n<p>Mais au-del\u00e0 de ces projets, Kathleen \u0153uvre le plus souvent en coulisses, veillant au bon d\u00e9roulement des r\u00e9unions, \u00e0 la pr\u00e9cision et \u00e0 l&rsquo;accessibilit\u00e9 des dossiers, soutenant la direction et se tenant toujours pr\u00eate \u00e0 r\u00e9pondre aux nombreuses questions qui affluent dans sa bo\u00eete mail. Surtout, Kathleen a cr\u00e9\u00e9 un environnement propice \u00e0 l&rsquo;\u00e9panouissement professionnel de chacun, et son impact s&rsquo;est fait sentir pour chaque membre du personnel, b\u00e9n\u00e9vole, donateur et personne accompagn\u00e9e par ABLE2.<\/p>\n\n\n\n<p>Parmi ses souvenirs les plus pr\u00e9cieux figurent les \u00e9v\u00e9nements organis\u00e9s par ABLE2 pour la communaut\u00e9, notamment le pique-nique annuel. \u00ab C\u2019est formidable de voir \u00e0 quel point les gens appr\u00e9cient ces moments de convivialit\u00e9 \u00bb, confie-t-elle. Une ann\u00e9e, un participant au pique-nique esp\u00e9rait entendre sa chanson pr\u00e9f\u00e9r\u00e9e, \u00ab Dancing Queen \u00bb d\u2019ABBA\u00a0; Kathleen a exauc\u00e9 son v\u0153u, et cela a illumin\u00e9 sa journ\u00e9e. Un petit geste, certes, mais qui lui a rappel\u00e9 combien de simples actions peuvent avoir un impact consid\u00e9rable.<\/p>\n\n\n\n<p>Cela refl\u00e8te sa conviction quant \u00e0 l&rsquo;importance de soutenir ABLE2. \u00ab ABLE2 permet \u00e0 chacun de participer \u00e0 la vie de sa communaut\u00e9. C&rsquo;est quelque chose auquel on ne pense pas assez, ou que l&rsquo;on tient souvent pour acquis. Les personnes handicap\u00e9es font face \u00e0 de nombreux obstacles, et ABLE2 leur donne la libert\u00e9 et la confiance n\u00e9cessaires pour participer \u00e0 la vie communautaire. Et c&rsquo;est fondamental. \u00bb<\/p>\n\n\n\n<p>Alors qu&rsquo;elle prend sa retraite, Kathleen aborde ce nouveau chapitre avec enthousiasme. Elle se r\u00e9jouit \u00e0 l&rsquo;id\u00e9e de voyager davantage, de passer du temps de qualit\u00e9 avec ses petits-enfants, de renouer avec ses amis et de rester active (le pickleball figure en bonne place sur sa liste). Elle d\u00e9crit cette libert\u00e9 \u00e0 venir comme \u00ab presque irr\u00e9elle \u00bb \u2013 et elle l&rsquo;a amplement m\u00e9rit\u00e9e.<\/p>\n\n\n\n<p>Et pour ceux qui ne le savent pas encore\u00a0: Kathleen est \u00e9galement une auteure publi\u00e9e. Son premier roman, <strong><em><a href=\"https:\/\/a.co\/d\/08uCaeXQ\" target=\"_blank\" rel=\"noreferrer noopener\">Whiteout<\/a><\/em><\/strong>, est sorti sur Amazon en 2021 et a re\u00e7u d\u2019excellentes critiques. La premi\u00e8re version de son deuxi\u00e8me roman attend patiemment d\u2019\u00eatre finalis\u00e9e, et nous avons le sentiment que cela ne saurait tarder.<\/p>\n\n\n\n<blockquote class=\"wp-block-quote is-layout-flow wp-block-quote-is-layout-flow\">\n<p>En repensant \u00e0 son exp\u00e9rience chez ABLE2, Kathleen confie ne rien regretter de son passage du monde de l&rsquo;entreprise au secteur caritatif. <strong><em>\u00ab C&rsquo;\u00e9tait bien plus enrichissant que je ne l&rsquo;avais imagin\u00e9. J&rsquo;ai ador\u00e9 travailler ici. Nous formons une \u00e9quipe formidable et je suis tr\u00e8s fi\u00e8re de faire partie de cette organisation. \u00bb<\/em><\/strong><\/p>\n<\/blockquote>\n\n\n\n<div style=\"height:40px\" aria-hidden=\"true\" class=\"wp-block-spacer\"><\/div>\n\n\n\n<div class=\"wp-block-columns is-layout-flex wp-container-core-columns-is-layout-1 wp-block-columns-is-layout-flex\">\n<div class=\"wp-block-column is-layout-flow wp-block-column-is-layout-flow\" style=\"flex-basis:50%\"><div class=\"wp-block-image\">\n<figure class=\"aligncenter size-full is-resized\"><img loading=\"lazy\" decoding=\"async\" width=\"600\" height=\"800\" src=\"https:\/\/www.able2.org\/wp-content\/uploads\/2026\/03\/Kathleen-Lee-Retirement.jpg\" alt=\"\" class=\"wp-image-23608\" style=\"width:400px\" srcset=\"https:\/\/www.able2.org\/wp-content\/uploads\/2026\/03\/Kathleen-Lee-Retirement.jpg 600w, https:\/\/www.able2.org\/wp-content\/uploads\/2026\/03\/Kathleen-Lee-Retirement-225x300.jpg 225w\" sizes=\"(max-width: 600px) 100vw, 600px\" \/><\/figure><\/div><\/div>\n\n\n\n<div class=\"wp-block-column is-vertically-aligned-center is-layout-flow wp-block-column-is-layout-flow\" style=\"flex-basis:50%\">\n<p><em>Kathleen, vous nous avez apport\u00e9 un soutien ind\u00e9fectible pendant la pand\u00e9mie, modernis\u00e9 nos m\u00e9thodes de travail et fait preuve d&rsquo;un d\u00e9vouement discret dans chaque t\u00e2che, qu&rsquo;elle soit importante ou non. Vous avez \u00e9paul\u00e9 nos \u00e9quipes, renforc\u00e9 nos op\u00e9rations et contribu\u00e9 \u00e0 fa\u00e7onner l&rsquo;exp\u00e9rience d&rsquo;innombrables membres de la communaut\u00e9 qui ont tout simplement eu le sentiment, au plus profond d&rsquo;eux-m\u00eames, d&rsquo;appartenir \u00e0 cette communaut\u00e9.<\/em><\/p>\n\n\n\n<p><em>Au nom de toute l&rsquo;\u00e9quipe, du conseil d&rsquo;administration et des personnes que nous soutenons, <strong>merci<\/strong>. Merci pour votre bienveillance, votre g\u00e9n\u00e9rosit\u00e9 et votre engagement ind\u00e9fectible envers notre mission. Nous vous souhaitons une joie immense dans les aventures \u00e0 venir et nous avons h\u00e2te de vous encourager dans l&rsquo;\u00e9criture de vos prochains chapitres, tant dans votre vie que dans vos \u00e9crits.<\/em><\/p>\n\n\n\n<p><em>F\u00e9licitations pour votre retraite, Kathleen ! Vous ferez toujours partie de la famille ABLE2 !<\/em><\/p>\n<\/div>\n<\/div>\n\n\n\n<p><\/p>\n","protected":false},"excerpt":{"rendered":"<p>Apr\u00e8s six ann\u00e9es pass\u00e9es \u00e0 \u00eatre le pilier des op\u00e9rations d&rsquo;ABLE2, l&rsquo;assistante de direction Kathleen prend sa retraite, laissant derri\u00e8re elle un h\u00e9ritage aussi important et comp\u00e9tent qu&rsquo;elle. Avant de rejoindre ABLE2, Kathleen a men\u00e9 une brillante carri\u00e8re dans l&rsquo;informatique d&rsquo;entreprise, occupant successivement des postes de programmeuse et de chef de projet dans le secteur [&hellip;]<\/p>\n","protected":false},"author":1,"featured_media":23614,"comment_status":"closed","ping_status":"closed","sticky":false,"template":"","format":"standard","meta":{"_acf_changed":false,"footnotes":""},"categories":[28],"tags":[],"acf":[],"yoast_head":"<!-- This site is optimized with the Yoast SEO plugin v22.8 - https:\/\/yoast.com\/wordpress\/plugins\/seo\/ -->\n<title>Hommage \u00e0 Kathleen, assistante de direction chez ABLE2 | ABLE2<\/title>\n<meta name=\"robots\" content=\"index, follow, max-snippet:-1, max-image-preview:large, max-video-preview:-1\" \/>\n<link rel=\"canonical\" href=\"https:\/\/www.able2.org\/fr\/hommage-a-kathleen-assistante-de-direction-chez-able2\/\" \/>\n<meta property=\"og:locale\" content=\"fr_FR\" \/>\n<meta property=\"og:type\" content=\"article\" \/>\n<meta property=\"og:title\" content=\"Hommage \u00e0 Kathleen, assistante de direction chez ABLE2 | ABLE2\" \/>\n<meta property=\"og:description\" content=\"Apr\u00e8s six ann\u00e9es pass\u00e9es \u00e0 \u00eatre le pilier des op\u00e9rations d&rsquo;ABLE2, l&rsquo;assistante de direction Kathleen prend sa retraite, laissant derri\u00e8re elle un h\u00e9ritage aussi important et comp\u00e9tent qu&rsquo;elle. Avant de rejoindre ABLE2, Kathleen a men\u00e9 une brillante carri\u00e8re dans l&rsquo;informatique d&rsquo;entreprise, occupant successivement des postes de programmeuse et de chef de projet dans le secteur [&hellip;]\" \/>\n<meta property=\"og:url\" content=\"https:\/\/www.able2.org\/fr\/hommage-a-kathleen-assistante-de-direction-chez-able2\/\" \/>\n<meta property=\"og:site_name\" content=\"ABLE2\" \/>\n<meta property=\"article:published_time\" content=\"2026-03-31T13:58:06+00:00\" \/>\n<meta property=\"article:modified_time\" content=\"2026-03-31T13:58:08+00:00\" \/>\n<meta property=\"og:image\" content=\"https:\/\/www.able2.org\/wp-content\/uploads\/2026\/03\/Faces-Kathleen-Header-Img.jpg\" \/>\n\t<meta property=\"og:image:width\" content=\"1711\" \/>\n\t<meta property=\"og:image:height\" content=\"650\" \/>\n\t<meta property=\"og:image:type\" content=\"image\/jpeg\" \/>\n<meta name=\"author\" content=\"admin_bmedia@able2\" \/>\n<meta name=\"twitter:card\" content=\"summary_large_image\" \/>\n<meta name=\"twitter:label1\" content=\"\u00c9crit par\" \/>\n\t<meta name=\"twitter:data1\" content=\"admin_bmedia@able2\" \/>\n\t<meta name=\"twitter:label2\" content=\"Dur\u00e9e de lecture estim\u00e9e\" \/>\n\t<meta name=\"twitter:data2\" content=\"4 minutes\" \/>\n<script type=\"application\/ld+json\" class=\"yoast-schema-graph\">{\"@context\":\"https:\/\/schema.org\",\"@graph\":[{\"@type\":\"Article\",\"@id\":\"https:\/\/www.able2.org\/fr\/hommage-a-kathleen-assistante-de-direction-chez-able2\/#article\",\"isPartOf\":{\"@id\":\"https:\/\/www.able2.org\/fr\/hommage-a-kathleen-assistante-de-direction-chez-able2\/\"},\"author\":{\"name\":\"admin_bmedia@able2\",\"@id\":\"https:\/\/www.able2.org\/#\/schema\/person\/adfcebfd8c6eb5f4b64ba1a9d31d8572\"},\"headline\":\"Hommage \u00e0 Kathleen, assistante de direction chez ABLE2\",\"datePublished\":\"2026-03-31T13:58:06+00:00\",\"dateModified\":\"2026-03-31T13:58:08+00:00\",\"mainEntityOfPage\":{\"@id\":\"https:\/\/www.able2.org\/fr\/hommage-a-kathleen-assistante-de-direction-chez-able2\/\"},\"wordCount\":951,\"publisher\":{\"@id\":\"https:\/\/www.able2.org\/#organization\"},\"image\":{\"@id\":\"https:\/\/www.able2.org\/fr\/hommage-a-kathleen-assistante-de-direction-chez-able2\/#primaryimage\"},\"thumbnailUrl\":\"https:\/\/www.able2.org\/wp-content\/uploads\/2026\/03\/Faces-Kathleen-Header-Img.jpg\",\"articleSection\":[\"Our Stories FR\"],\"inLanguage\":\"fr-FR\"},{\"@type\":\"WebPage\",\"@id\":\"https:\/\/www.able2.org\/fr\/hommage-a-kathleen-assistante-de-direction-chez-able2\/\",\"url\":\"https:\/\/www.able2.org\/fr\/hommage-a-kathleen-assistante-de-direction-chez-able2\/\",\"name\":\"Hommage \u00e0 Kathleen, assistante de direction chez ABLE2 | ABLE2\",\"isPartOf\":{\"@id\":\"https:\/\/www.able2.org\/#website\"},\"primaryImageOfPage\":{\"@id\":\"https:\/\/www.able2.org\/fr\/hommage-a-kathleen-assistante-de-direction-chez-able2\/#primaryimage\"},\"image\":{\"@id\":\"https:\/\/www.able2.org\/fr\/hommage-a-kathleen-assistante-de-direction-chez-able2\/#primaryimage\"},\"thumbnailUrl\":\"https:\/\/www.able2.org\/wp-content\/uploads\/2026\/03\/Faces-Kathleen-Header-Img.jpg\",\"datePublished\":\"2026-03-31T13:58:06+00:00\",\"dateModified\":\"2026-03-31T13:58:08+00:00\",\"breadcrumb\":{\"@id\":\"https:\/\/www.able2.org\/fr\/hommage-a-kathleen-assistante-de-direction-chez-able2\/#breadcrumb\"},\"inLanguage\":\"fr-FR\",\"potentialAction\":[{\"@type\":\"ReadAction\",\"target\":[\"https:\/\/www.able2.org\/fr\/hommage-a-kathleen-assistante-de-direction-chez-able2\/\"]}]},{\"@type\":\"ImageObject\",\"inLanguage\":\"fr-FR\",\"@id\":\"https:\/\/www.able2.org\/fr\/hommage-a-kathleen-assistante-de-direction-chez-able2\/#primaryimage\",\"url\":\"https:\/\/www.able2.org\/wp-content\/uploads\/2026\/03\/Faces-Kathleen-Header-Img.jpg\",\"contentUrl\":\"https:\/\/www.able2.org\/wp-content\/uploads\/2026\/03\/Faces-Kathleen-Header-Img.jpg\",\"width\":1711,\"height\":650},{\"@type\":\"BreadcrumbList\",\"@id\":\"https:\/\/www.able2.org\/fr\/hommage-a-kathleen-assistante-de-direction-chez-able2\/#breadcrumb\",\"itemListElement\":[{\"@type\":\"ListItem\",\"position\":1,\"name\":\"Home\",\"item\":\"https:\/\/www.able2.org\/fr\/accueil\/\"},{\"@type\":\"ListItem\",\"position\":2,\"name\":\"Hommage \u00e0 Kathleen, assistante de direction chez ABLE2\"}]},{\"@type\":\"WebSite\",\"@id\":\"https:\/\/www.able2.org\/#website\",\"url\":\"https:\/\/www.able2.org\/\",\"name\":\"ABLE2\",\"description\":\"\",\"publisher\":{\"@id\":\"https:\/\/www.able2.org\/#organization\"},\"potentialAction\":[{\"@type\":\"SearchAction\",\"target\":{\"@type\":\"EntryPoint\",\"urlTemplate\":\"https:\/\/www.able2.org\/?s={search_term_string}\"},\"query-input\":\"required name=search_term_string\"}],\"inLanguage\":\"fr-FR\"},{\"@type\":\"Organization\",\"@id\":\"https:\/\/www.able2.org\/#organization\",\"name\":\"ABLE2\",\"url\":\"https:\/\/www.able2.org\/\",\"logo\":{\"@type\":\"ImageObject\",\"inLanguage\":\"fr-FR\",\"@id\":\"https:\/\/www.able2.org\/#\/schema\/logo\/image\/\",\"url\":\"https:\/\/www.able2.org\/wp-content\/uploads\/2020\/05\/logo.png\",\"contentUrl\":\"https:\/\/www.able2.org\/wp-content\/uploads\/2020\/05\/logo.png\",\"width\":528,\"height\":137,\"caption\":\"ABLE2\"},\"image\":{\"@id\":\"https:\/\/www.able2.org\/#\/schema\/logo\/image\/\"}},{\"@type\":\"Person\",\"@id\":\"https:\/\/www.able2.org\/#\/schema\/person\/adfcebfd8c6eb5f4b64ba1a9d31d8572\",\"name\":\"admin_bmedia@able2\",\"image\":{\"@type\":\"ImageObject\",\"inLanguage\":\"fr-FR\",\"@id\":\"https:\/\/www.able2.org\/#\/schema\/person\/image\/\",\"url\":\"https:\/\/secure.gravatar.com\/avatar\/0cf2fe653cf110eb39980c553fdbc712?s=96&d=mm&r=g\",\"contentUrl\":\"https:\/\/secure.gravatar.com\/avatar\/0cf2fe653cf110eb39980c553fdbc712?s=96&d=mm&r=g\",\"caption\":\"admin_bmedia@able2\"},\"sameAs\":[\"https:\/\/www.able2.org\"],\"url\":\"https:\/\/www.able2.org\/fr\/author\/admin_bmediaable2\/\"}]}<\/script>\n<!-- \/ Yoast SEO plugin. -->","yoast_head_json":{"title":"Hommage \u00e0 Kathleen, assistante de direction chez ABLE2 | ABLE2","robots":{"index":"index","follow":"follow","max-snippet":"max-snippet:-1","max-image-preview":"max-image-preview:large","max-video-preview":"max-video-preview:-1"},"canonical":"https:\/\/www.able2.org\/fr\/hommage-a-kathleen-assistante-de-direction-chez-able2\/","og_locale":"fr_FR","og_type":"article","og_title":"Hommage \u00e0 Kathleen, assistante de direction chez ABLE2 | ABLE2","og_description":"Apr\u00e8s six ann\u00e9es pass\u00e9es \u00e0 \u00eatre le pilier des op\u00e9rations d&rsquo;ABLE2, l&rsquo;assistante de direction Kathleen prend sa retraite, laissant derri\u00e8re elle un h\u00e9ritage aussi important et comp\u00e9tent qu&rsquo;elle. Avant de rejoindre ABLE2, Kathleen a men\u00e9 une brillante carri\u00e8re dans l&rsquo;informatique d&rsquo;entreprise, occupant successivement des postes de programmeuse et de chef de projet dans le secteur [&hellip;]","og_url":"https:\/\/www.able2.org\/fr\/hommage-a-kathleen-assistante-de-direction-chez-able2\/","og_site_name":"ABLE2","article_published_time":"2026-03-31T13:58:06+00:00","article_modified_time":"2026-03-31T13:58:08+00:00","og_image":[{"width":1711,"height":650,"url":"https:\/\/www.able2.org\/wp-content\/uploads\/2026\/03\/Faces-Kathleen-Header-Img.jpg","type":"image\/jpeg"}],"author":"admin_bmedia@able2","twitter_card":"summary_large_image","twitter_misc":{"\u00c9crit par":"admin_bmedia@able2","Dur\u00e9e de lecture estim\u00e9e":"4 minutes"},"schema":{"@context":"https:\/\/schema.org","@graph":[{"@type":"Article","@id":"https:\/\/www.able2.org\/fr\/hommage-a-kathleen-assistante-de-direction-chez-able2\/#article","isPartOf":{"@id":"https:\/\/www.able2.org\/fr\/hommage-a-kathleen-assistante-de-direction-chez-able2\/"},"author":{"name":"admin_bmedia@able2","@id":"https:\/\/www.able2.org\/#\/schema\/person\/adfcebfd8c6eb5f4b64ba1a9d31d8572"},"headline":"Hommage \u00e0 Kathleen, assistante de direction chez ABLE2","datePublished":"2026-03-31T13:58:06+00:00","dateModified":"2026-03-31T13:58:08+00:00","mainEntityOfPage":{"@id":"https:\/\/www.able2.org\/fr\/hommage-a-kathleen-assistante-de-direction-chez-able2\/"},"wordCount":951,"publisher":{"@id":"https:\/\/www.able2.org\/#organization"},"image":{"@id":"https:\/\/www.able2.org\/fr\/hommage-a-kathleen-assistante-de-direction-chez-able2\/#primaryimage"},"thumbnailUrl":"https:\/\/www.able2.org\/wp-content\/uploads\/2026\/03\/Faces-Kathleen-Header-Img.jpg","articleSection":["Our Stories FR"],"inLanguage":"fr-FR"},{"@type":"WebPage","@id":"https:\/\/www.able2.org\/fr\/hommage-a-kathleen-assistante-de-direction-chez-able2\/","url":"https:\/\/www.able2.org\/fr\/hommage-a-kathleen-assistante-de-direction-chez-able2\/","name":"Hommage \u00e0 Kathleen, assistante de direction chez ABLE2 | ABLE2","isPartOf":{"@id":"https:\/\/www.able2.org\/#website"},"primaryImageOfPage":{"@id":"https:\/\/www.able2.org\/fr\/hommage-a-kathleen-assistante-de-direction-chez-able2\/#primaryimage"},"image":{"@id":"https:\/\/www.able2.org\/fr\/hommage-a-kathleen-assistante-de-direction-chez-able2\/#primaryimage"},"thumbnailUrl":"https:\/\/www.able2.org\/wp-content\/uploads\/2026\/03\/Faces-Kathleen-Header-Img.jpg","datePublished":"2026-03-31T13:58:06+00:00","dateModified":"2026-03-31T13:58:08+00:00","breadcrumb":{"@id":"https:\/\/www.able2.org\/fr\/hommage-a-kathleen-assistante-de-direction-chez-able2\/#breadcrumb"},"inLanguage":"fr-FR","potentialAction":[{"@type":"ReadAction","target":["https:\/\/www.able2.org\/fr\/hommage-a-kathleen-assistante-de-direction-chez-able2\/"]}]},{"@type":"ImageObject","inLanguage":"fr-FR","@id":"https:\/\/www.able2.org\/fr\/hommage-a-kathleen-assistante-de-direction-chez-able2\/#primaryimage","url":"https:\/\/www.able2.org\/wp-content\/uploads\/2026\/03\/Faces-Kathleen-Header-Img.jpg","contentUrl":"https:\/\/www.able2.org\/wp-content\/uploads\/2026\/03\/Faces-Kathleen-Header-Img.jpg","width":1711,"height":650},{"@type":"BreadcrumbList","@id":"https:\/\/www.able2.org\/fr\/hommage-a-kathleen-assistante-de-direction-chez-able2\/#breadcrumb","itemListElement":[{"@type":"ListItem","position":1,"name":"Home","item":"https:\/\/www.able2.org\/fr\/accueil\/"},{"@type":"ListItem","position":2,"name":"Hommage \u00e0 Kathleen, assistante de direction chez ABLE2"}]},{"@type":"WebSite","@id":"https:\/\/www.able2.org\/#website","url":"https:\/\/www.able2.org\/","name":"ABLE2","description":"","publisher":{"@id":"https:\/\/www.able2.org\/#organization"},"potentialAction":[{"@type":"SearchAction","target":{"@type":"EntryPoint","urlTemplate":"https:\/\/www.able2.org\/?s={search_term_string}"},"query-input":"required name=search_term_string"}],"inLanguage":"fr-FR"},{"@type":"Organization","@id":"https:\/\/www.able2.org\/#organization","name":"ABLE2","url":"https:\/\/www.able2.org\/","logo":{"@type":"ImageObject","inLanguage":"fr-FR","@id":"https:\/\/www.able2.org\/#\/schema\/logo\/image\/","url":"https:\/\/www.able2.org\/wp-content\/uploads\/2020\/05\/logo.png","contentUrl":"https:\/\/www.able2.org\/wp-content\/uploads\/2020\/05\/logo.png","width":528,"height":137,"caption":"ABLE2"},"image":{"@id":"https:\/\/www.able2.org\/#\/schema\/logo\/image\/"}},{"@type":"Person","@id":"https:\/\/www.able2.org\/#\/schema\/person\/adfcebfd8c6eb5f4b64ba1a9d31d8572","name":"admin_bmedia@able2","image":{"@type":"ImageObject","inLanguage":"fr-FR","@id":"https:\/\/www.able2.org\/#\/schema\/person\/image\/","url":"https:\/\/secure.gravatar.com\/avatar\/0cf2fe653cf110eb39980c553fdbc712?s=96&d=mm&r=g","contentUrl":"https:\/\/secure.gravatar.com\/avatar\/0cf2fe653cf110eb39980c553fdbc712?s=96&d=mm&r=g","caption":"admin_bmedia@able2"},"sameAs":["https:\/\/www.able2.org"],"url":"https:\/\/www.able2.org\/fr\/author\/admin_bmediaable2\/"}]}},"_links":{"self":[{"href":"https:\/\/www.able2.org\/fr\/wp-json\/wp\/v2\/posts\/23623"}],"collection":[{"href":"https:\/\/www.able2.org\/fr\/wp-json\/wp\/v2\/posts"}],"about":[{"href":"https:\/\/www.able2.org\/fr\/wp-json\/wp\/v2\/types\/post"}],"author":[{"embeddable":true,"href":"https:\/\/www.able2.org\/fr\/wp-json\/wp\/v2\/users\/1"}],"replies":[{"embeddable":true,"href":"https:\/\/www.able2.org\/fr\/wp-json\/wp\/v2\/comments?post=23623"}],"version-history":[{"count":2,"href":"https:\/\/www.able2.org\/fr\/wp-json\/wp\/v2\/posts\/23623\/revisions"}],"predecessor-version":[{"id":23626,"href":"https:\/\/www.able2.org\/fr\/wp-json\/wp\/v2\/posts\/23623\/revisions\/23626"}],"wp:featuredmedia":[{"embeddable":true,"href":"https:\/\/www.able2.org\/fr\/wp-json\/wp\/v2\/media\/23614"}],"wp:attachment":[{"href":"https:\/\/www.able2.org\/fr\/wp-json\/wp\/v2\/media?parent=23623"}],"wp:term":[{"taxonomy":"category","embeddable":true,"href":"https:\/\/www.able2.org\/fr\/wp-json\/wp\/v2\/categories?post=23623"},{"taxonomy":"post_tag","embeddable":true,"href":"https:\/\/www.able2.org\/fr\/wp-json\/wp\/v2\/tags?post=23623"}],"curies":[{"name":"wp","href":"https:\/\/api.w.org\/{rel}","templated":true}]}}